{"id":5199,"date":"2026-08-25T11:41:55","date_gmt":"2026-08-25T11:41:55","guid":{"rendered":"https:\/\/hollandajans.nl\/?p=5199"},"modified":"2026-08-25T11:41:55","modified_gmt":"2026-08-25T11:41:55","slug":"hizmet-gonulluleri-utrechte-moral-ve-dayanisma-programinda-bulustu","status":"publish","type":"post","link":"https:\/\/hollandajans.nl\/?p=5199","title":{"rendered":"Hizmet G\u00f6n\u00fcll\u00fcleri Utrecht&#8217;e Moral ve Dayan\u0131\u015fma Program\u0131nda Bulu\u015ftu"},"content":{"rendered":"<h1>Hizmet G\u00f6n\u00fcll\u00fcleri Utrecht&#8217;e Moral ve Dayan\u0131\u015fma Program\u0131nda Bulu\u015ftu<\/h1>\n<h1><img loading=\"lazy\" decoding=\"async\" class=\"alignnone  wp-image-5214\" src=\"https:\/\/hollandajans.nl\/wp-content\/uploads\/2026\/08\/WhatsApp-Image-2026-08-25-at-13.22.59-400x300.jpeg\" alt=\"\" width=\"427\" height=\"320\" srcset=\"https:\/\/hollandajans.nl\/wp-content\/uploads\/2026\/08\/WhatsApp-Image-2026-08-25-at-13.22.59-400x300.jpeg 400w, https:\/\/hollandajans.nl\/wp-content\/uploads\/2026\/08\/WhatsApp-Image-2026-08-25-at-13.22.59-650x488.jpeg 650w, https:\/\/hollandajans.nl\/wp-content\/uploads\/2026\/08\/WhatsApp-Image-2026-08-25-at-13.22.59-250x188.jpeg 250w, https:\/\/hollandajans.nl\/wp-content\/uploads\/2026\/08\/WhatsApp-Image-2026-08-25-at-13.22.59-768x576.jpeg 768w, https:\/\/hollandajans.nl\/wp-content\/uploads\/2026\/08\/WhatsApp-Image-2026-08-25-at-13.22.59-1536x1152.jpeg 1536w, https:\/\/hollandajans.nl\/wp-content\/uploads\/2026\/08\/WhatsApp-Image-2026-08-25-at-13.22.59-150x113.jpeg 150w, https:\/\/hollandajans.nl\/wp-content\/uploads\/2026\/08\/WhatsApp-Image-2026-08-25-at-13.22.59-800x600.jpeg 800w, https:\/\/hollandajans.nl\/wp-content\/uploads\/2026\/08\/WhatsApp-Image-2026-08-25-at-13.22.59-1200x900.jpeg 1200w, https:\/\/hollandajans.nl\/wp-content\/uploads\/2026\/08\/WhatsApp-Image-2026-08-25-at-13.22.59.jpeg 1600w\" sizes=\"auto, (max-width: 427px) 100vw, 427px\" \/><\/h1>\n<p><strong>SECU Vakf\u0131, Hollanda\u2019daki farkl\u0131 iltica merkezlerinde kalan Hizmet Hareketi g\u00f6n\u00fcll\u00fclerini moral ve dayan\u0131\u015fma program\u0131nda a\u011f\u0131rlad\u0131. Yakla\u015f\u0131k 60 ki\u015finin kat\u0131ld\u0131\u011f\u0131 bulu\u015fmada barbek\u00fc ikram edildi, kamp s\u00fcrecinde ya\u015fanan zorluklar payla\u015f\u0131ld\u0131.<\/strong><\/p>\n<p>T\u00fcrkiye\u2019de Hizmet Hareketi g\u00f6n\u00fcll\u00fclerine y\u00f6nelik bask\u0131lar nedeniyle \u00fclkelerinden ayr\u0131lmak zorunda kalan ve Hollanda\u2019ya s\u0131\u011f\u0131nan yakla\u015f\u0131k 60 ki\u015fi, SECU Vakf\u0131nda d\u00fczenlenen programda bir araya geldi.<\/p>\n<p>Farkl\u0131 iltica merkezlerinden gelen misafirlerimiz i\u00e7in haz\u0131rlanan programda barbek\u00fc ikram edildi. Kat\u0131l\u0131mc\u0131lar ayn\u0131 sofran\u0131n etraf\u0131nda bulu\u015farak tan\u0131\u015fma, sohbet etme ve ya\u015fad\u0131klar\u0131n\u0131 payla\u015fma f\u0131rsat\u0131 buldu.<\/p>\n<h2>Belirsizlik i\u00e7inde devam eden bekleyi\u015f<\/h2>\n<p>\u0130ltica merkezlerinde kalan bir\u00e7ok Hizmet g\u00f6n\u00fcll\u00fcs\u00fc, ba\u015fvurular\u0131n\u0131n sonu\u00e7lanmas\u0131n\u0131 uzun s\u00fcredir bekliyor. Ailelerinden ve yak\u0131nlar\u0131ndan ayr\u0131 kalmalar\u0131, kamp hayat\u0131n\u0131n getirdi\u011fi g\u00fc\u00e7l\u00fckler ve geleceklerini planlayamamalar\u0131 bu s\u00fcreci daha da zorla\u015ft\u0131r\u0131yor.<\/p>\n<p>Son d\u00f6nemde Hollanda\u2019da iltica ve aile birle\u015fimiyle ilgili kurallarda yap\u0131lan de\u011fi\u015fiklikler de kamplarda bekleyenlerin endi\u015felerini art\u0131r\u0131yor. Kat\u0131l\u0131mc\u0131lar, \u00f6zellikle ailelerine ne zaman kavu\u015fabilecekleri ve Hollanda\u2019da ne zaman d\u00fczenli bir hayata ba\u015flayabilecekleri konusunda belirsizlik ya\u015fad\u0131klar\u0131n\u0131 anlatt\u0131.<\/p>\n<p>Bu bulu\u015fmayla misafirlerimizin birka\u00e7 saatli\u011fine de olsa kamp ortam\u0131ndan uzakla\u015fmalar\u0131n\u0131, kendilerini yaln\u0131z hissetmemelerini ve benzer s\u00fcre\u00e7lerden ge\u00e7en insanlarla bir araya gelmelerini ama\u00e7lad\u0131k.<\/p>\n<h1><img loading=\"lazy\" decoding=\"async\" class=\"alignnone size-medium wp-image-5234\" src=\"https:\/\/hollandajans.nl\/wp-content\/uploads\/2026\/08\/WhatsApp-Image-2026-08-25-at-13.23.00-400x300.jpeg\" alt=\"\" width=\"300\" height=\"225\" srcset=\"https:\/\/hollandajans.nl\/wp-content\/uploads\/2026\/08\/WhatsApp-Image-2026-08-25-at-13.23.00-400x300.jpeg 400w, https:\/\/hollandajans.nl\/wp-content\/uploads\/2026\/08\/WhatsApp-Image-2026-08-25-at-13.23.00-650x488.jpeg 650w, https:\/\/hollandajans.nl\/wp-content\/uploads\/2026\/08\/WhatsApp-Image-2026-08-25-at-13.23.00-250x188.jpeg 250w, https:\/\/hollandajans.nl\/wp-content\/uploads\/2026\/08\/WhatsApp-Image-2026-08-25-at-13.23.00-768x576.jpeg 768w, https:\/\/hollandajans.nl\/wp-content\/uploads\/2026\/08\/WhatsApp-Image-2026-08-25-at-13.23.00-1536x1152.jpeg 1536w, https:\/\/hollandajans.nl\/wp-content\/uploads\/2026\/08\/WhatsApp-Image-2026-08-25-at-13.23.00-150x113.jpeg 150w, https:\/\/hollandajans.nl\/wp-content\/uploads\/2026\/08\/WhatsApp-Image-2026-08-25-at-13.23.00-800x600.jpeg 800w, https:\/\/hollandajans.nl\/wp-content\/uploads\/2026\/08\/WhatsApp-Image-2026-08-25-at-13.23.00-1200x900.jpeg 1200w, https:\/\/hollandajans.nl\/wp-content\/uploads\/2026\/08\/WhatsApp-Image-2026-08-25-at-13.23.00.jpeg 1600w\" sizes=\"auto, (max-width: 300px) 100vw, 300px\" \/><\/h1>\n<h1><img loading=\"lazy\" decoding=\"async\" class=\"alignnone size-medium wp-image-5229\" src=\"https:\/\/hollandajans.nl\/wp-content\/uploads\/2026\/08\/WhatsApp-Image-2026-08-25-at-13.23.00-15-400x300.jpeg\" alt=\"\" width=\"300\" height=\"225\" srcset=\"https:\/\/hollandajans.nl\/wp-content\/uploads\/2026\/08\/WhatsApp-Image-2026-08-25-at-13.23.00-15-400x300.jpeg 400w, https:\/\/hollandajans.nl\/wp-content\/uploads\/2026\/08\/WhatsApp-Image-2026-08-25-at-13.23.00-15-650x488.jpeg 650w, https:\/\/hollandajans.nl\/wp-content\/uploads\/2026\/08\/WhatsApp-Image-2026-08-25-at-13.23.00-15-250x188.jpeg 250w, https:\/\/hollandajans.nl\/wp-content\/uploads\/2026\/08\/WhatsApp-Image-2026-08-25-at-13.23.00-15-768x576.jpeg 768w, https:\/\/hollandajans.nl\/wp-content\/uploads\/2026\/08\/WhatsApp-Image-2026-08-25-at-13.23.00-15-1536x1152.jpeg 1536w, https:\/\/hollandajans.nl\/wp-content\/uploads\/2026\/08\/WhatsApp-Image-2026-08-25-at-13.23.00-15-150x113.jpeg 150w, https:\/\/hollandajans.nl\/wp-content\/uploads\/2026\/08\/WhatsApp-Image-2026-08-25-at-13.23.00-15-800x600.jpeg 800w, https:\/\/hollandajans.nl\/wp-content\/uploads\/2026\/08\/WhatsApp-Image-2026-08-25-at-13.23.00-15-1200x900.jpeg 1200w, https:\/\/hollandajans.nl\/wp-content\/uploads\/2026\/08\/WhatsApp-Image-2026-08-25-at-13.23.00-15.jpeg 1600w\" sizes=\"auto, (max-width: 300px) 100vw, 300px\" \/><\/h1>\n<h2>\u201cBize yaln\u0131z olmad\u0131\u011f\u0131m\u0131z\u0131 hissettirdiniz\u201d<\/h2>\n<p>Gilze kamp\u0131nda kalan Bahriye Han\u0131m, bulu\u015fman\u0131n ard\u0131ndan g\u00f6nderdi\u011fi mesajda duygular\u0131n\u0131 \u015f\u00f6yle payla\u015ft\u0131:<\/p>\n<blockquote><p>\u201cUzakta olmam\u0131za ra\u011fmen programa gelebildi\u011fimiz i\u00e7in \u00e7ok mutlu olduk. Bize g\u00f6sterilen ilgi ve \u00f6zen i\u00e7in ayr\u0131ca te\u015fekk\u00fcr ediyorum. Bize yaln\u0131z olmad\u0131\u011f\u0131m\u0131z\u0131 hissettirdiniz. Zorluklar\u0131 ve imk\u00e2ns\u0131zl\u0131klar\u0131 a\u015farak geldik ama iyi ki gelmi\u015fiz. Bu program bize manevi doping oldu.\u201d<\/p><\/blockquote>\n<p>Bahriye Han\u0131m, bir eve yerle\u015ftikten sonra g\u00f6n\u00fcll\u00fc \u00e7al\u0131\u015fmalara kat\u0131lmak istedi\u011fini de belirtti:<\/p>\n<blockquote><p>\u201cHayalim, evime ge\u00e7tikten sonra dernek ve kermes hizmetlerinde elimden geldi\u011fince yard\u0131mc\u0131 olmak. Allah sa\u011fl\u0131k verdik\u00e7e k\u00fc\u00e7\u00fck de olsa bir i\u015fin ucundan tutmak istiyorum. D\u00fc\u015f\u00fcnen ve eme\u011fi ge\u00e7en herkesten Allah raz\u0131 olsun.\u201d<\/p><\/blockquote>\n<p>Bu samimi mesaj, dayan\u0131\u015fman\u0131n ve birlikte olman\u0131n ne kadar k\u0131ymetli oldu\u011funu bir kez daha g\u00f6sterdi.<\/p>\n<h1><img loading=\"lazy\" decoding=\"async\" class=\"alignnone size-medium wp-image-5201\" src=\"https:\/\/hollandajans.nl\/wp-content\/uploads\/2026\/08\/WhatsApp-Image-2026-08-25-at-13.22.59-2-400x300.jpeg\" alt=\"\" width=\"300\" height=\"225\" srcset=\"https:\/\/hollandajans.nl\/wp-content\/uploads\/2026\/08\/WhatsApp-Image-2026-08-25-at-13.22.59-2-400x300.jpeg 400w, https:\/\/hollandajans.nl\/wp-content\/uploads\/2026\/08\/WhatsApp-Image-2026-08-25-at-13.22.59-2-650x488.jpeg 650w, https:\/\/hollandajans.nl\/wp-content\/uploads\/2026\/08\/WhatsApp-Image-2026-08-25-at-13.22.59-2-250x188.jpeg 250w, https:\/\/hollandajans.nl\/wp-content\/uploads\/2026\/08\/WhatsApp-Image-2026-08-25-at-13.22.59-2-768x576.jpeg 768w, https:\/\/hollandajans.nl\/wp-content\/uploads\/2026\/08\/WhatsApp-Image-2026-08-25-at-13.22.59-2-1536x1152.jpeg 1536w, https:\/\/hollandajans.nl\/wp-content\/uploads\/2026\/08\/WhatsApp-Image-2026-08-25-at-13.22.59-2-150x113.jpeg 150w, https:\/\/hollandajans.nl\/wp-content\/uploads\/2026\/08\/WhatsApp-Image-2026-08-25-at-13.22.59-2-800x600.jpeg 800w, https:\/\/hollandajans.nl\/wp-content\/uploads\/2026\/08\/WhatsApp-Image-2026-08-25-at-13.22.59-2-1200x900.jpeg 1200w, https:\/\/hollandajans.nl\/wp-content\/uploads\/2026\/08\/WhatsApp-Image-2026-08-25-at-13.22.59-2.jpeg 1600w\" sizes=\"auto, (max-width: 300px) 100vw, 300px\" \/><\/h1>\n<h1><img loading=\"lazy\" decoding=\"async\" class=\"alignnone size-medium wp-image-5221\" src=\"https:\/\/hollandajans.nl\/wp-content\/uploads\/2026\/08\/WhatsApp-Image-2026-08-25-at-13.23.00-7-400x300.jpeg\" alt=\"\" width=\"300\" height=\"225\" srcset=\"https:\/\/hollandajans.nl\/wp-content\/uploads\/2026\/08\/WhatsApp-Image-2026-08-25-at-13.23.00-7-400x300.jpeg 400w, https:\/\/hollandajans.nl\/wp-content\/uploads\/2026\/08\/WhatsApp-Image-2026-08-25-at-13.23.00-7-650x488.jpeg 650w, https:\/\/hollandajans.nl\/wp-content\/uploads\/2026\/08\/WhatsApp-Image-2026-08-25-at-13.23.00-7-250x188.jpeg 250w, https:\/\/hollandajans.nl\/wp-content\/uploads\/2026\/08\/WhatsApp-Image-2026-08-25-at-13.23.00-7-768x576.jpeg 768w, https:\/\/hollandajans.nl\/wp-content\/uploads\/2026\/08\/WhatsApp-Image-2026-08-25-at-13.23.00-7-1536x1152.jpeg 1536w, https:\/\/hollandajans.nl\/wp-content\/uploads\/2026\/08\/WhatsApp-Image-2026-08-25-at-13.23.00-7-150x113.jpeg 150w, https:\/\/hollandajans.nl\/wp-content\/uploads\/2026\/08\/WhatsApp-Image-2026-08-25-at-13.23.00-7-800x600.jpeg 800w, https:\/\/hollandajans.nl\/wp-content\/uploads\/2026\/08\/WhatsApp-Image-2026-08-25-at-13.23.00-7-1200x900.jpeg 1200w, https:\/\/hollandajans.nl\/wp-content\/uploads\/2026\/08\/WhatsApp-Image-2026-08-25-at-13.23.00-7.jpeg 1600w\" sizes=\"auto, (max-width: 300px) 100vw, 300px\" \/><\/h1>\n<h2>Ayn\u0131 sofrada umut ve dayan\u0131\u015fma<\/h2>\n<p>SECU olarak bir yeme\u011fi payla\u015fman\u0131n yaln\u0131zca birlikte vakit ge\u00e7irmekten ibaret olmad\u0131\u011f\u0131na inan\u0131yoruz. Bazen bir insan\u0131 dinlemek, h\u00e2lini sormak ve yan\u0131nda oldu\u011fumuzu hissettirmek en b\u00fcy\u00fck destek olabiliyor.<\/p>\n<p>Program\u0131n haz\u0131rlanmas\u0131ndan misafirlerimizin a\u011f\u0131rlanmas\u0131na kadar her a\u015famada g\u00f6rev alan g\u00f6n\u00fcll\u00fclerimize te\u015fekk\u00fcr ediyoruz. SECU Vakf\u0131 olarak iltica merkezlerinde kalan Hizmet g\u00f6n\u00fcll\u00fcleriyle dayan\u0131\u015fmam\u0131z\u0131 s\u00fcrd\u00fcrecek ve yeni hayatlar\u0131n\u0131 kurma yolunda yanlar\u0131nda olmaya devam edece\u011fiz.<\/p>\n<h1><img loading=\"lazy\" decoding=\"async\" class=\"alignnone size-medium wp-image-5204\" src=\"https:\/\/hollandajans.nl\/wp-content\/uploads\/2026\/08\/WhatsApp-Image-2026-08-25-at-13.22.59-5-400x300.jpeg\" alt=\"\" width=\"300\" height=\"225\" srcset=\"https:\/\/hollandajans.nl\/wp-content\/uploads\/2026\/08\/WhatsApp-Image-2026-08-25-at-13.22.59-5-400x300.jpeg 400w, https:\/\/hollandajans.nl\/wp-content\/uploads\/2026\/08\/WhatsApp-Image-2026-08-25-at-13.22.59-5-650x488.jpeg 650w, https:\/\/hollandajans.nl\/wp-content\/uploads\/2026\/08\/WhatsApp-Image-2026-08-25-at-13.22.59-5-250x188.jpeg 250w, https:\/\/hollandajans.nl\/wp-content\/uploads\/2026\/08\/WhatsApp-Image-2026-08-25-at-13.22.59-5-768x576.jpeg 768w, https:\/\/hollandajans.nl\/wp-content\/uploads\/2026\/08\/WhatsApp-Image-2026-08-25-at-13.22.59-5-1536x1152.jpeg 1536w, https:\/\/hollandajans.nl\/wp-content\/uploads\/2026\/08\/WhatsApp-Image-2026-08-25-at-13.22.59-5-150x113.jpeg 150w, https:\/\/hollandajans.nl\/wp-content\/uploads\/2026\/08\/WhatsApp-Image-2026-08-25-at-13.22.59-5-800x600.jpeg 800w, https:\/\/hollandajans.nl\/wp-content\/uploads\/2026\/08\/WhatsApp-Image-2026-08-25-at-13.22.59-5-1200x900.jpeg 1200w, https:\/\/hollandajans.nl\/wp-content\/uploads\/2026\/08\/WhatsApp-Image-2026-08-25-at-13.22.59-5.jpeg 1600w\" sizes=\"auto, (max-width: 300px) 100vw, 300px\" \/><\/h1>\n","protected":false},"excerpt":{"rendered":"<p>Hizmet G\u00f6n\u00fcll\u00fcleri Utrecht&#8217;e Moral ve Dayan\u0131\u015fma Program\u0131nda Bulu\u015ftu SECU Vakf\u0131, Hollanda\u2019daki farkl\u0131 iltica merkezlerinde kalan Hizmet Hareketi g\u00f6n\u00fcll\u00fclerini moral ve dayan\u0131\u015fma program\u0131nda a\u011f\u0131rlad\u0131. Yakla\u015f\u0131k 60 ki\u015finin kat\u0131ld\u0131\u011f\u0131 bulu\u015fmada barbek\u00fc ikram edildi, kamp s\u00fcrecinde ya\u015fanan zorluklar payla\u015f\u0131ld\u0131. T\u00fcrkiye\u2019de Hizmet Hareketi g\u00f6n\u00fcll\u00fclerine y\u00f6nelik bask\u0131lar nedeniyle \u00fclkelerinden ayr\u0131lmak zorunda kalan ve Hollanda\u2019ya s\u0131\u011f\u0131nan yakla\u015f\u0131k 60 ki\u015fi, SECU Vakf\u0131nda [&hellip;]<\/p>\n","protected":false},"author":2,"featured_media":0,"comment_status":"open","ping_status":"open","sticky":false,"template":"","format":"standard","meta":{"footnotes":""},"categories":[279],"tags":[],"class_list":["post-5199","post","type-post","status-publish","format-standard","hentry","category-gundem"],"_links":{"self":[{"href":"https:\/\/hollandajans.nl\/index.php?rest_route=\/wp\/v2\/posts\/5199","targetHints":{"allow":["GET"]}}],"collection":[{"href":"https:\/\/hollandajans.nl\/index.php?rest_route=\/wp\/v2\/posts"}],"about":[{"href":"https:\/\/hollandajans.nl\/index.php?rest_route=\/wp\/v2\/types\/post"}],"author":[{"embeddable":true,"href":"https:\/\/hollandajans.nl\/index.php?rest_route=\/wp\/v2\/users\/2"}],"replies":[{"embeddable":true,"href":"https:\/\/hollandajans.nl\/index.php?rest_route=%2Fwp%2Fv2%2Fcomments&post=5199"}],"version-history":[{"count":1,"href":"https:\/\/hollandajans.nl\/index.php?rest_route=\/wp\/v2\/posts\/5199\/revisions"}],"predecessor-version":[{"id":5235,"href":"https:\/\/hollandajans.nl\/index.php?rest_route=\/wp\/v2\/posts\/5199\/revisions\/5235"}],"wp:attachment":[{"href":"https:\/\/hollandajans.nl\/index.php?rest_route=%2Fwp%2Fv2%2Fmedia&parent=5199"}],"wp:term":[{"taxonomy":"category","embeddable":true,"href":"https:\/\/hollandajans.nl\/index.php?rest_route=%2Fwp%2Fv2%2Fcategories&post=5199"},{"taxonomy":"post_tag","embeddable":true,"href":"https:\/\/hollandajans.nl\/index.php?rest_route=%2Fwp%2Fv2%2Ftags&post=5199"}],"curies":[{"name":"wp","href":"https:\/\/api.w.org\/{rel}","templated":true}]}}